{"id":832,"date":"2026-05-02T14:56:39","date_gmt":"2026-05-02T12:56:39","guid":{"rendered":"https:\/\/omdmedald.eu\/?p=832"},"modified":"2026-05-03T14:07:47","modified_gmt":"2026-05-03T12:07:47","slug":"23-mai-lomdmedald-saisit-les-plus-hautes-autorites-de-letat-pour-carence-dapplication-de-la-loi-dans-les-outre-mer","status":"publish","type":"post","link":"https:\/\/omdmedald.eu\/?p=832","title":{"rendered":"23 MAI : L\u2019OMDMEDALD SAISIT LES PLUS HAUTES AUTORIT\u00c9S DE L\u2019\u00c9TAT POUR CARENCE D\u2019APPLICATION DE LA LOI DANS LES OUTRE-MER"},"content":{"rendered":"\n<h3 class=\"wp-block-heading\">Pr\u00e9sentation officielle de la d\u00e9marche de l\u2019OMDMEDALD<\/h3>\n\n\n\n<h4 class=\"wp-block-heading\">Pour l\u2019application effective du 23 mai dans l\u2019ensemble des territoires ultramarins<\/h4>\n\n\n\n<p><\/p>\n\n\n\n<p><mark style=\"background-color:rgba(0, 0, 0, 0)\" class=\"has-inline-color has-black-color\">L\u2019Organisation Mondiale de la D\u00e9fense des Droits et M\u00e9moires des Esclaves D\u00e9port\u00e9s d\u2019Afrique et Leurs Descendants (OMDMEDALD) m\u00e8ne depuis plusieurs ann\u00e9es un travail de veille juridique, m\u00e9morielle et institutionnelle afin que les textes vot\u00e9s par la R\u00e9publique fran\u00e7aise trouvent une traduction concr\u00e8te dans la r\u00e9alit\u00e9 des territoires les plus directement concern\u00e9s par l\u2019histoire de l\u2019esclavage colonial.<\/mark><\/p>\n\n\n\n<p><mark style=\"background-color:rgba(0, 0, 0, 0)\" class=\"has-inline-color has-black-color\">Cette d\u00e9marche s\u2019inscrit dans une conviction simple mais fondamentale : <strong>une loi de la R\u00e9publique n\u2019a de valeur que si elle est effectivement appliqu\u00e9e sur l\u2019ensemble du territoire national<\/strong>.<\/mark><\/p>\n\n\n\n<p><mark style=\"background-color:rgba(0, 0, 0, 0)\" class=\"has-inline-color has-black-color\">Or, l\u2019instauration du <strong>23 mai comme Journ\u00e9e nationale en hommage aux victimes de l\u2019esclavage colonial<\/strong>, pr\u00e9vue par la loi du 28 f\u00e9vrier 2017, r\u00e9v\u00e8le une situation paradoxale et pr\u00e9occupante. Alors m\u00eame que cette journ\u00e9e a \u00e9t\u00e9 pens\u00e9e dans la continuit\u00e9 des mobilisations port\u00e9es par les descendants d\u2019esclaves, notamment lors des marches historiques de 1998, sa mise en \u0153uvre institutionnelle demeure incompl\u00e8te, voire inexistante, dans plusieurs collectivit\u00e9s territoriales d\u2019outre-mer.<\/mark><\/p>\n\n\n\n<p><mark style=\"background-color:rgba(0, 0, 0, 0)\" class=\"has-inline-color has-black-color\">Cette situation cr\u00e9e une fracture m\u00e9morielle l\u00e0 o\u00f9 la loi exige l\u2019unit\u00e9 nationale.<\/mark><\/p>\n\n\n\n<p><\/p>\n\n\n\n<h3 class=\"wp-block-heading\">Une d\u00e9marche fond\u00e9e sur le droit, la l\u00e9galit\u00e9 et l\u2019\u00e9galit\u00e9 r\u00e9publicaine<\/h3>\n\n\n\n<p><\/p>\n\n\n\n<p><mark style=\"background-color:rgba(0, 0, 0, 0)\" class=\"has-inline-color has-black-color\">L\u2019action engag\u00e9e par l\u2019OMDMEDALD ne rel\u00e8ve ni du militantisme symbolique ni d\u2019une revendication id\u00e9ologique. Elle repose exclusivement sur :<\/mark><\/p>\n\n\n\n<ul class=\"wp-block-list\">\n<li><mark style=\"background-color:rgba(0, 0, 0, 0)\" class=\"has-inline-color has-black-color\">le respect de la loi vot\u00e9e par le Parlement ;<\/mark><\/li>\n\n\n\n<li><mark style=\"background-color:rgba(0, 0, 0, 0)\" class=\"has-inline-color has-black-color\">le principe constitutionnel d\u2019\u00e9galit\u00e9 devant la loi ;<\/mark><\/li>\n\n\n\n<li><mark style=\"background-color:rgba(0, 0, 0, 0)\" class=\"has-inline-color has-black-color\">l\u2019unit\u00e9 et l\u2019indivisibilit\u00e9 de la R\u00e9publique ;<\/mark><\/li>\n\n\n\n<li><mark style=\"background-color:rgba(0, 0, 0, 0)\" class=\"has-inline-color has-black-color\">l\u2019obligation pour l\u2019\u00c9tat d\u2019assurer l\u2019ex\u00e9cution pleine et enti\u00e8re des textes l\u00e9gislatifs.<\/mark><\/li>\n<\/ul>\n\n\n\n<p><mark style=\"background-color:rgba(0, 0, 0, 0)\" class=\"has-inline-color has-black-color\">Lorsque le l\u00e9gislateur qualifie une journ\u00e9e de <em>nationale<\/em>, cela signifie qu\u2019elle doit \u00eatre visible, organis\u00e9e, honor\u00e9e, sur l\u2019ensemble du territoire de la R\u00e9publique, sans exception g\u00e9ographique.<\/mark><\/p>\n\n\n\n<p><\/p>\n\n\n\n<h3 class=\"wp-block-heading\">Le constat pos\u00e9 dans les territoires ultramarins<\/h3>\n\n\n\n<p><mark style=\"background-color:rgba(0, 0, 0, 0)\" class=\"has-inline-color has-black-color\">Dans de nombreuses collectivit\u00e9s ultramarines, il est observ\u00e9 de mani\u00e8re r\u00e9p\u00e9t\u00e9e :<\/mark><\/p>\n\n\n\n<ul class=\"wp-block-list\">\n<li><mark style=\"background-color:rgba(0, 0, 0, 0)\" class=\"has-inline-color has-black-color\">l\u2019absence de c\u00e9r\u00e9monies pr\u00e9fectorales officielles le 23 mai ;<\/mark><\/li>\n\n\n\n<li><mark style=\"background-color:rgba(0, 0, 0, 0)\" class=\"has-inline-color has-black-color\">l\u2019absence de protocole r\u00e9publicain (pavoisement, d\u00e9p\u00f4ts de gerbes, message officiel) ;<\/mark><\/li>\n\n\n\n<li><mark style=\"background-color:rgba(0, 0, 0, 0)\" class=\"has-inline-color has-black-color\">l\u2019absence d\u2019inscription dans les agendas administratifs ;<\/mark><\/li>\n\n\n\n<li><mark style=\"background-color:rgba(0, 0, 0, 0)\" class=\"has-inline-color has-black-color\">l\u2019absence de mobilisation structur\u00e9e de l\u2019\u00c9ducation nationale ;<\/mark><\/li>\n\n\n\n<li><mark style=\"background-color:rgba(0, 0, 0, 0)\" class=\"has-inline-color has-black-color\">le transfert de la charge m\u00e9morielle vers les seules associations locales.<\/mark><\/li>\n<\/ul>\n\n\n\n<p><mark style=\"background-color:rgba(0, 0, 0, 0)\" class=\"has-inline-color has-black-color\">\u00c0 l\u2019inverse, des c\u00e9r\u00e9monies officielles sont observ\u00e9es \u00e0 Paris et dans plusieurs villes de l\u2019Hexagone.<\/mark><\/p>\n\n\n\n<p><mark style=\"background-color:rgba(0, 0, 0, 0)\" class=\"has-inline-color has-black-color\">Il en r\u00e9sulte une application g\u00e9ographiquement diff\u00e9renci\u00e9e d\u2019une journ\u00e9e pourtant qualifi\u00e9e de nationale par la loi.<\/mark><\/p>\n\n\n\n<p><\/p>\n\n\n\n<h3 class=\"wp-block-heading\">Une atteinte \u00e0 la coh\u00e9rence de l\u2019\u00c9tat et \u00e0 la dignit\u00e9 m\u00e9morielle<\/h3>\n\n\n\n<p><mark style=\"background-color:rgba(0, 0, 0, 0)\" class=\"has-inline-color has-black-color\">Cette situation ne constitue pas une simple omission protocolaire. Elle produit :<\/mark><\/p>\n\n\n\n<ul class=\"wp-block-list\">\n<li><mark style=\"background-color:rgba(0, 0, 0, 0)\" class=\"has-inline-color has-black-color\">une rupture d\u2019\u00e9galit\u00e9 m\u00e9morielle entre citoyens ;<\/mark><\/li>\n\n\n\n<li><mark style=\"background-color:rgba(0, 0, 0, 0)\" class=\"has-inline-color has-black-color\">une incoh\u00e9rence entre la norme juridique et la pratique administrative ;<\/mark><\/li>\n\n\n\n<li><mark style=\"background-color:rgba(0, 0, 0, 0)\" class=\"has-inline-color has-black-color\">un affaiblissement de la cr\u00e9dibilit\u00e9 de la parole publique ;<\/mark><\/li>\n\n\n\n<li><mark style=\"background-color:rgba(0, 0, 0, 0)\" class=\"has-inline-color has-black-color\">un sentiment d\u2019incompr\u00e9hension dans les territoires directement marqu\u00e9s par cette histoire.<\/mark><\/li>\n<\/ul>\n\n\n\n<p><mark style=\"background-color:rgba(0, 0, 0, 0)\" class=\"has-inline-color has-black-color\">Honorer le 23 mai dans les outre-mer n\u2019est pas une faveur. C\u2019est une <strong>obligation l\u00e9gale et morale<\/strong> d\u00e9coulant de la reconnaissance par la R\u00e9publique de l\u2019esclavage colonial comme crime contre l\u2019humanit\u00e9.<\/mark><\/p>\n\n\n\n<p><\/p>\n\n\n\n<h3 class=\"wp-block-heading\">Une saisine solennelle remise aux plus hautes autorit\u00e9s de l\u2019\u00c9tat<\/h3>\n\n\n\n<p><\/p>\n\n\n\n<p><mark style=\"background-color:rgba(0, 0, 0, 0)\" class=\"has-inline-color has-black-color\">Dans ce contexte, l\u2019Organisation OMDMEDALD a formellement saisi les plus hautes autorit\u00e9s de la R\u00e9publique afin de faire constater cette carence et de demander la mise en \u0153uvre imm\u00e9diate des mesures r\u00e9glementaires n\u00e9cessaires.<\/mark><\/p>\n\n\n\n<p><mark style=\"background-color:rgba(0, 0, 0, 0)\" class=\"has-inline-color has-black-color\"><strong>Le 20 avril 2026<\/strong>, l\u2019organisation a officiellement remis sa saisine :<\/mark><\/p>\n\n\n\n<ul class=\"wp-block-list\">\n<li><mark style=\"background-color:rgba(0, 0, 0, 0)\" class=\"has-inline-color has-black-color\">\u00e0 <strong>Emmanuel Macron<\/strong>, Pr\u00e9sident de la R\u00e9publique fran\u00e7aise ;<\/mark><\/li>\n\n\n\n<li><mark style=\"background-color:rgba(0, 0, 0, 0)\" class=\"has-inline-color has-black-color\">\u00e0 <strong>S\u00e9bastien Lecornu<\/strong>, Premier ministre, Chef du Gouvernement.<\/mark><\/li>\n<\/ul>\n\n\n\n<p><mark style=\"background-color:rgba(0, 0, 0, 0)\" class=\"has-inline-color has-black-color\">Cette saisine vise \u00e0 obtenir :<\/mark><\/p>\n\n\n\n<ul class=\"wp-block-list\">\n<li><mark style=\"background-color:rgba(0, 0, 0, 0)\" class=\"has-inline-color has-black-color\">une circulaire interminist\u00e9rielle contraignante ;<\/mark><\/li>\n\n\n\n<li><mark style=\"background-color:rgba(0, 0, 0, 0)\" class=\"has-inline-color has-black-color\">des instructions pr\u00e9cises aux pr\u00e9fets ;<\/mark><\/li>\n\n\n\n<li><mark style=\"background-color:rgba(0, 0, 0, 0)\" class=\"has-inline-color has-black-color\">l\u2019inscription obligatoire du 23 mai dans les agendas officiels ;<\/mark><\/li>\n\n\n\n<li><mark style=\"background-color:rgba(0, 0, 0, 0)\" class=\"has-inline-color has-black-color\">la mobilisation de l\u2019\u00c9ducation nationale ;<\/mark><\/li>\n\n\n\n<li><mark style=\"background-color:rgba(0, 0, 0, 0)\" class=\"has-inline-color has-black-color\">des cr\u00e9dits d\u00e9di\u00e9s \u00e0 l\u2019organisation des c\u00e9r\u00e9monies ;<\/mark><\/li>\n\n\n\n<li><mark style=\"background-color:rgba(0, 0, 0, 0)\" class=\"has-inline-color has-black-color\">la reconnaissance de la carence pass\u00e9e.<\/mark><\/li>\n<\/ul>\n\n\n\n<p><\/p>\n\n\n\n<h3 class=\"wp-block-heading\">Restaurer l\u2019unit\u00e9 m\u00e9morielle de la Nation<\/h3>\n\n\n\n<p><\/p>\n\n\n\n<p><mark style=\"background-color:rgba(0, 0, 0, 0)\" class=\"has-inline-color has-black-color\">Le 23 mai n\u2019est pas une date accessoire. Il constitue un pilier de la m\u00e9moire nationale contemporaine. Le rendre visible dans les territoires ultramarins, c\u2019est :<\/mark><\/p>\n\n\n\n<ul class=\"wp-block-list\">\n<li><mark style=\"background-color:rgba(0, 0, 0, 0)\" class=\"has-inline-color has-black-color\">r\u00e9tablir l\u2019\u00e9galit\u00e9 devant la loi ;<\/mark><\/li>\n\n\n\n<li><mark style=\"background-color:rgba(0, 0, 0, 0)\" class=\"has-inline-color has-black-color\">affirmer la pr\u00e9sence de l\u2019\u00c9tat l\u00e0 o\u00f9 l\u2019histoire a laiss\u00e9 des blessures profondes ;<\/mark><\/li>\n\n\n\n<li><mark style=\"background-color:rgba(0, 0, 0, 0)\" class=\"has-inline-color has-black-color\">transmettre aux jeunes g\u00e9n\u00e9rations une m\u00e9moire assum\u00e9e ;<\/mark><\/li>\n\n\n\n<li><mark style=\"background-color:rgba(0, 0, 0, 0)\" class=\"has-inline-color has-black-color\">renforcer le lien r\u00e9publicain entre l\u2019\u00c9tat et ses territoires.<\/mark><\/li>\n<\/ul>\n\n\n\n<p><\/p>\n\n\n\n<h3 class=\"wp-block-heading\">Une exigence simple : l\u2019application pleine et enti\u00e8re de la loi<\/h3>\n\n\n\n<p><\/p>\n\n\n\n<p><mark style=\"background-color:rgba(0, 0, 0, 0)\" class=\"has-inline-color has-black-color\">La d\u00e9marche de l\u2019Organisation OMDMEDALD repose sur une demande claire :<\/mark><\/p>\n\n\n\n<blockquote class=\"wp-block-quote is-layout-flow wp-block-quote-is-layout-flow\">\n<p><mark style=\"background-color:rgba(0, 0, 0, 0)\" class=\"has-inline-color has-black-color\">Que la loi soit appliqu\u00e9e partout o\u00f9 la R\u00e9publique est pr\u00e9sente.<\/mark><\/p>\n<\/blockquote>\n\n\n\n<p><mark style=\"background-color:rgba(0, 0, 0, 0)\" class=\"has-inline-color has-black-color\">Aucune r\u00e9forme l\u00e9gislative n\u2019est n\u00e9cessaire. Seule une volont\u00e9 administrative affirm\u00e9e est requise.<\/mark><\/p>\n\n\n\n<p><mark style=\"background-color:rgba(0, 0, 0, 0)\" class=\"has-inline-color has-black-color\">Parce qu\u2019une journ\u00e9e nationale ne peut exister partiellement.<br>Parce que la m\u00e9moire nationale ne peut \u00eatre fragment\u00e9e.<br>Parce que l\u2019\u00e9galit\u00e9 r\u00e9publicaine exige une application uniforme de la loi.<\/mark><\/p>\n\n\n\n<p><mark style=\"background-color:rgba(0, 0, 0, 0)\" class=\"has-inline-color has-black-color\">L\u2019OMDMEDALD continuera, par le droit, par l\u2019argumentation juridique et par la voie institutionnelle, \u00e0 veiller \u00e0 ce que la m\u00e9moire des victimes de l\u2019esclavage colonial soit honor\u00e9e avec la dignit\u00e9, la solennit\u00e9 et l\u2019universalit\u00e9 que la R\u00e9publique elle-m\u00eame a reconnues.<\/mark><\/p>\n\n\n\n<p><\/p>\n\n\n\n<h3 class=\"wp-block-heading\">OMDMEDALD \u2014 Pour l\u2019effectivit\u00e9 r\u00e9elle de la m\u00e9moire du 23 mai dans tous les territoires de la R\u00e9publique<\/h3>\n\n\n\n<p><\/p>\n\n\n\n<p><strong>Par l\u2019Organisation Mondiale de la D\u00e9fense des Droits et M\u00e9moires des Esclaves D\u00e9port\u00e9s d\u2019Afrique et Leurs Descendants (OMDMEDALD)<\/strong><\/p>\n\n\n\n<p><\/p>\n\n\n\n<p><mark style=\"background-color:rgba(0, 0, 0, 0)\" class=\"has-inline-color has-black-color\">La m\u00e9moire nationale ne peut \u00eatre \u00e0 g\u00e9om\u00e9trie variable. Lorsqu\u2019une loi de la R\u00e9publique qualifie une date de <strong>journ\u00e9e nationale<\/strong>, son application doit \u00eatre <strong>uniforme<\/strong>, <strong>visible<\/strong> et <strong>effective<\/strong> sur l\u2019ensemble du territoire, sans distinction entre l\u2019Hexagone et les outre-mer. C\u2019est pr\u00e9cis\u00e9ment l\u2019enjeu du <strong>23 mai<\/strong>, journ\u00e9e nationale en hommage aux victimes de l\u2019esclavage colonial, institu\u00e9e par l\u2019article 28 de la <strong>Loi n\u00b0 2017-256 du 28 f\u00e9vrier 2017<\/strong>, dans le prolongement de la reconnaissance de l\u2019esclavage comme crime contre l\u2019humanit\u00e9 par la <strong>Loi n\u00b0 2001-434 du 21 mai 2001<\/strong>.<\/mark><\/p>\n\n\n\n<p><mark style=\"background-color:rgba(0, 0, 0, 0)\" class=\"has-inline-color has-black-color\">Pourtant, dans de nombreuses collectivit\u00e9s ultramarines (<strong>Guadeloupe<\/strong>, <strong>Martinique<\/strong>, <strong>Guyane<\/strong>, <strong>La R\u00e9union<\/strong>, <strong>Mayotte<\/strong>)il est constat\u00e9, ann\u00e9e apr\u00e8s ann\u00e9e, l\u2019absence de protocole r\u00e9publicain complet le 23 mai : pas de pavoisement syst\u00e9matique, pas de c\u00e9r\u00e9monie pr\u00e9fectorale structur\u00e9e, pas de message gouvernemental lu publiquement, peu ou pas de mobilisation coordonn\u00e9e de l\u2019\u00c9ducation nationale. \u00c0 l\u2019inverse, des c\u00e9r\u00e9monies officielles sont r\u00e9guli\u00e8rement observ\u00e9es \u00e0 Paris et dans certaines villes de l\u2019Hexagone.<\/mark><\/p>\n\n\n\n<p><mark style=\"background-color:rgba(0, 0, 0, 0)\" class=\"has-inline-color has-black-color\">Cette disparit\u00e9 territoriale interroge la coh\u00e9rence de l\u2019action publique et pose une question de fond : <strong>comment une journ\u00e9e qualifi\u00e9e de \u201cnationale\u201d par le l\u00e9gislateur peut-elle ne pas \u00eatre appliqu\u00e9e de mani\u00e8re nationale ?<\/strong><\/mark><\/p>\n\n\n\n<p><\/p>\n\n\n\n<h3 class=\"wp-block-heading\">Un cadre l\u00e9gal clair, une obligation positive de l\u2019\u00c9tat<\/h3>\n\n\n\n<p><\/p>\n\n\n\n<p><mark style=\"background-color:rgba(0, 0, 0, 0)\" class=\"has-inline-color has-black-color\">L\u2019article 28 de la loi du 28 f\u00e9vrier 2017 ne laisse place \u00e0 aucune ambigu\u00eft\u00e9 : le 23 mai est une <strong>journ\u00e9e nationale<\/strong>. Cette qualification emporte une obligation positive pour l\u2019\u00c9tat : organiser, coordonner et rendre visible la comm\u00e9moration sur l\u2019ensemble du territoire. Il ne s\u2019agit ni d\u2019un v\u0153u symbolique, ni d\u2019une orientation facultative, mais d\u2019une norme imp\u00e9rative.<\/mark><\/p>\n\n\n\n<p><mark style=\"background-color:rgba(0, 0, 0, 0)\" class=\"has-inline-color has-black-color\">Cette exigence s\u2019inscrit dans la continuit\u00e9 d\u2019un \u00e9difice juridique m\u00e9moriel commenc\u00e9 avec la loi du 21 mai 2001. La R\u00e9publique y reconna\u00eet un crime contre l\u2019humanit\u00e9 ; elle doit, en coh\u00e9rence, honorer publiquement la m\u00e9moire des victimes, partout o\u00f9 la R\u00e9publique est pr\u00e9sente.<\/mark><\/p>\n\n\n\n<p><\/p>\n\n\n\n<h3 class=\"wp-block-heading\">Une m\u00e9moire transf\u00e9r\u00e9e aux associations locales<\/h3>\n\n\n\n<p><\/p>\n\n\n\n<p><mark style=\"background-color:rgba(0, 0, 0, 0)\" class=\"has-inline-color has-black-color\">Dans les faits, la charge m\u00e9morielle repose trop souvent sur les seules associations, collectifs citoyens et acteurs culturels locaux. Ils organisent, expliquent, transmettent \u2014 parfois sans soutien logistique ni pr\u00e9sence institutionnelle forte. Cette situation cr\u00e9e une <strong>in\u00e9galit\u00e9 m\u00e9morielle<\/strong> entre territoires et une forme de <strong>d\u00e9sengagement silencieux<\/strong> de l\u2019\u00c9tat l\u00e0 o\u00f9 cette m\u00e9moire est pourtant la plus vive.<\/mark><\/p>\n\n\n\n<p><mark style=\"background-color:rgba(0, 0, 0, 0)\" class=\"has-inline-color has-black-color\">La m\u00e9moire nationale ne peut d\u00e9pendre du volontarisme associatif. Elle rel\u00e8ve d\u2019abord de la responsabilit\u00e9 r\u00e9galienne.<\/mark><\/p>\n\n\n\n<p><\/p>\n\n\n\n<h3 class=\"wp-block-heading\">Le r\u00f4le attendu de la Fondation pour la m\u00e9moire de l\u2019esclavage<\/h3>\n\n\n\n<p><\/p>\n\n\n\n<p><mark style=\"background-color:rgba(0, 0, 0, 0)\" class=\"has-inline-color has-black-color\">Cr\u00e9\u00e9e pour impulser, coordonner et promouvoir la politique m\u00e9morielle, la Fondation doit \u00eatre un <strong>moteur<\/strong> aupr\u00e8s des pouvoirs publics. Elle ne peut se limiter \u00e0 des actions symboliques ou ponctuelles. Son r\u00f4le est d\u2019assurer que la m\u00e9moire soit respect\u00e9e <strong>dans tous les territoires<\/strong>, et particuli\u00e8rement dans ceux directement marqu\u00e9s par l\u2019histoire de l\u2019esclavage colonial.<\/mark><\/p>\n\n\n\n<p><mark style=\"background-color:rgba(0, 0, 0, 0)\" class=\"has-inline-color has-black-color\">OMDMEDALD constate que cette mission n\u00e9cessite aujourd\u2019hui une impulsion plus forte, une coordination plus exigeante avec les services de l\u2019\u00c9tat et une attention prioritaire aux r\u00e9alit\u00e9s ultramarines.<\/mark><\/p>\n\n\n\n<p><\/p>\n\n\n\n<h3 class=\"wp-block-heading\">Les outre-mer : partie int\u00e9grante de la R\u00e9publique, titulaires des m\u00eames droits<\/h3>\n\n\n\n<p><\/p>\n\n\n\n<p><mark style=\"background-color:rgba(0, 0, 0, 0)\" class=\"has-inline-color has-black-color\">Les collectivit\u00e9s ultramarines ne sont pas p\u00e9riph\u00e9riques : elles sont constitutives de la R\u00e9publique. \u00c0 ce titre, leurs habitants b\u00e9n\u00e9ficient des m\u00eames droits civiques, sociaux, culturels et m\u00e9moriels. La <strong>Charte sociale europ\u00e9enne<\/strong>, qui compl\u00e8te la <strong>Convention europ\u00e9enne des droits de l\u2019homme<\/strong>, rappelle l\u2019exigence d\u2019\u00e9galit\u00e9 r\u00e9elle dans l\u2019acc\u00e8s aux droits sociaux et culturels sur l\u2019ensemble des territoires relevant d\u2019un \u00c9tat.<\/mark><\/p>\n\n\n\n<p><mark style=\"background-color:rgba(0, 0, 0, 0)\" class=\"has-inline-color has-black-color\">La reconnaissance de ces droits implique que la m\u00e9moire, en tant que droit culturel collectif, soit honor\u00e9e de mani\u00e8re \u00e9quitable.<\/mark><\/p>\n\n\n\n<p><\/p>\n\n\n\n<h3 class=\"wp-block-heading\">Une saisine solennelle des plus hautes autorit\u00e9s de l\u2019\u00c9tat<\/h3>\n\n\n\n<p><\/p>\n\n\n\n<p><mark style=\"background-color:rgba(0, 0, 0, 0)\" class=\"has-inline-color has-black-color\">Face \u00e0 cette situation, OMDMEDALD a engag\u00e9 une <strong>saisine administrative solennelle<\/strong> adress\u00e9e au Pr\u00e9sident de la R\u00e9publique et au Premier ministre afin de faire constater la carence dans l\u2019application effective du 23 mai dans plusieurs territoires ultramarins, et de demander des mesures concr\u00e8tes :<\/mark><\/p>\n\n\n\n<ul class=\"wp-block-list\">\n<li><mark style=\"background-color:rgba(0, 0, 0, 0)\" class=\"has-inline-color has-black-color\">Une circulaire interminist\u00e9rielle contraignante avant chaque 23 mai ;<\/mark><\/li>\n\n\n\n<li><mark style=\"background-color:rgba(0, 0, 0, 0)\" class=\"has-inline-color has-black-color\">L\u2019obligation pour les pr\u00e9fets d\u2019organiser une c\u00e9r\u00e9monie officielle compl\u00e8te ;<\/mark><\/li>\n\n\n\n<li><mark style=\"background-color:rgba(0, 0, 0, 0)\" class=\"has-inline-color has-black-color\">Le pavoisement des b\u00e2timents publics ;<\/mark><\/li>\n\n\n\n<li><mark style=\"background-color:rgba(0, 0, 0, 0)\" class=\"has-inline-color has-black-color\">La lecture d\u2019un message gouvernemental ;<\/mark><\/li>\n\n\n\n<li><mark style=\"background-color:rgba(0, 0, 0, 0)\" class=\"has-inline-color has-black-color\">L\u2019int\u00e9gration de cette journ\u00e9e dans les \u00e9tablissements scolaires ;<\/mark><\/li>\n\n\n\n<li><mark style=\"background-color:rgba(0, 0, 0, 0)\" class=\"has-inline-color has-black-color\">L\u2019inscription obligatoire dans les agendas pr\u00e9fectoraux ;<\/mark><\/li>\n\n\n\n<li><mark style=\"background-color:rgba(0, 0, 0, 0)\" class=\"has-inline-color has-black-color\">L\u2019allocation de cr\u00e9dits budg\u00e9taires d\u00e9di\u00e9s ;<\/mark><\/li>\n\n\n\n<li><mark style=\"background-color:rgba(0, 0, 0, 0)\" class=\"has-inline-color has-black-color\">La reconnaissance \u00e9crite de la carence pass\u00e9e.<\/mark><\/li>\n<\/ul>\n\n\n\n<p><\/p>\n\n\n\n<h3 class=\"wp-block-heading\">Pour une m\u00e9moire r\u00e9ellement nationale<\/h3>\n\n\n\n<p><\/p>\n\n\n\n<p><mark style=\"background-color:rgba(0, 0, 0, 0)\" class=\"has-inline-color has-black-color\">Le 23 mai ne doit pas \u00eatre une date symbolique sur le papier. Il doit devenir un rendez-vous r\u00e9publicain visible, solennel et partag\u00e9, particuli\u00e8rement dans les territoires qui portent encore les traces sociales, culturelles et familiales de cette histoire.<\/mark><\/p>\n\n\n\n<p><mark style=\"background-color:rgba(0, 0, 0, 0)\" class=\"has-inline-color has-black-color\">OMDMEDALD appelle \u00e0 une prise de conscience institutionnelle : <strong>honorer la m\u00e9moire des victimes de l\u2019esclavage colonial n\u2019est pas une option, c\u2019est une obligation l\u00e9gale, morale et r\u00e9publicaine<\/strong>.<\/mark><\/p>\n\n\n\n<p><mark style=\"background-color:rgba(0, 0, 0, 0)\" class=\"has-inline-color has-black-color\">Parce que la m\u00e9moire nationale ne se divise pas. Parce que l\u2019\u00e9galit\u00e9 r\u00e9publicaine ne se fragmente pas. Parce que les outre-mer sont la R\u00e9publique.<\/mark><\/p>\n\n\n\n<p><\/p>\n\n\n\n<h3 class=\"wp-block-heading\">Compl\u00e9ment d\u2019argumentation et de d\u00e9veloppement<\/h3>\n\n\n\n<p><\/p>\n\n\n\n<p><mark style=\"background-color:rgba(0, 0, 0, 0)\" class=\"has-inline-color has-black-color\">Au-del\u00e0 du strict constat mat\u00e9riel, la question du 23 mai r\u00e9v\u00e8le une probl\u00e9matique plus profonde : celle de la <strong>coh\u00e9rence entre la norme juridique proclam\u00e9e et la r\u00e9alit\u00e9 administrative observ\u00e9e<\/strong>. Lorsqu\u2019une loi qualifie une journ\u00e9e de <em>nationale<\/em>, l\u2019administration ne dispose d\u2019aucune marge d\u2019appr\u00e9ciation territoriale. L\u2019uniformit\u00e9 d\u2019application n\u2019est pas une facult\u00e9, mais une cons\u00e9quence directe du principe d\u2019\u00e9galit\u00e9 devant la loi.<\/mark><\/p>\n\n\n\n<p><mark style=\"background-color:rgba(0, 0, 0, 0)\" class=\"has-inline-color has-black-color\">Cette exigence trouve son fondement dans la <strong>D\u00e9claration des droits de l\u2019homme et du citoyen de 1789<\/strong>, dont l\u2019article 6 pose que la loi \u00ab doit \u00eatre la m\u00eame pour tous, soit qu\u2019elle prot\u00e8ge, soit qu\u2019elle punisse \u00bb. En mati\u00e8re m\u00e9morielle, cela signifie que la protection symbolique accord\u00e9e par la loi aux victimes de l\u2019esclavage colonial doit b\u00e9n\u00e9ficier \u00e0 tous les territoires de mani\u00e8re identique.<\/mark><\/p>\n\n\n\n<p><mark style=\"background-color:rgba(0, 0, 0, 0)\" class=\"has-inline-color has-black-color\">Or, la pratique actuelle produit un effet inverse : une <strong>diff\u00e9renciation g\u00e9ographique de la m\u00e9moire nationale<\/strong>. Cette situation est d\u2019autant plus paradoxale que les territoires ultramarins sont pr\u00e9cis\u00e9ment ceux o\u00f9 l\u2019histoire de l\u2019esclavage colonial a laiss\u00e9 les traces les plus profondes dans les structures sociales, culturelles et familiales.<\/mark><\/p>\n\n\n\n<p><mark style=\"background-color:rgba(0, 0, 0, 0)\" class=\"has-inline-color has-black-color\">Il en r\u00e9sulte une forme de <strong>rupture d\u2019\u00e9galit\u00e9 m\u00e9morielle<\/strong>, o\u00f9 les territoires les plus directement concern\u00e9s sont ceux o\u00f9 la pr\u00e9sence institutionnelle est la moins visible le 23 mai.<\/mark><\/p>\n\n\n\n<p><\/p>\n\n\n\n<h3 class=\"wp-block-heading\">Une obligation qui rel\u00e8ve du fonctionnement normal de l\u2019\u00c9tat<\/h3>\n\n\n\n<p><\/p>\n\n\n\n<p><mark style=\"background-color:rgba(0, 0, 0, 0)\" class=\"has-inline-color has-black-color\">L\u2019organisation d\u2019une c\u00e9r\u00e9monie pr\u00e9fectorale, le pavoisement, la lecture d\u2019un message officiel, l\u2019inscription dans les agendas administratifs et scolaires ne constituent pas des mesures exceptionnelles. Ce sont des actes ordinaires du fonctionnement de l\u2019\u00c9tat lorsqu\u2019une journ\u00e9e nationale est institu\u00e9e.<\/mark><\/p>\n\n\n\n<p><mark style=\"background-color:rgba(0, 0, 0, 0)\" class=\"has-inline-color has-black-color\">\u00c0 titre de comparaison, les autres journ\u00e9es nationales comm\u00e9moratives font l\u2019objet de circulaires pr\u00e9cises, de protocoles \u00e9tablis et d\u2019une application homog\u00e8ne sur tout le territoire. L\u2019absence d\u2019un dispositif \u00e9quivalent pour le 23 mai ne peut \u00eatre interpr\u00e9t\u00e9e que comme une <strong>d\u00e9faillance administrative persistante<\/strong>.<\/mark><\/p>\n\n\n\n<p><\/p>\n\n\n\n<h3 class=\"wp-block-heading\">La port\u00e9e \u00e9ducative et civique du 23 mai<\/h3>\n\n\n\n<p><\/p>\n\n\n\n<p><mark style=\"background-color:rgba(0, 0, 0, 0)\" class=\"has-inline-color has-black-color\">L\u2019enjeu du 23 mai d\u00e9passe la seule c\u00e9r\u00e9monie. Il concerne la transmission aux jeunes g\u00e9n\u00e9rations, la p\u00e9dagogie r\u00e9publicaine et la compr\u00e9hension de l\u2019histoire commune. L\u2019absence de mobilisation syst\u00e9matique de l\u2019\u00c9ducation nationale dans certains territoires prive les \u00e9l\u00e8ves d\u2019un moment structurant de r\u00e9flexion civique.<\/mark><\/p>\n\n\n\n<p><mark style=\"background-color:rgba(0, 0, 0, 0)\" class=\"has-inline-color has-black-color\">Honorer cette journ\u00e9e, c\u2019est aussi rappeler que la R\u00e9publique reconna\u00eet ses fautes pass\u00e9es et inscrit cette reconnaissance dans une d\u00e9marche \u00e9ducative tourn\u00e9e vers l\u2019avenir.<\/mark><\/p>\n\n\n\n<p><\/p>\n\n\n\n<h3 class=\"wp-block-heading\">Une question de dignit\u00e9 r\u00e9publicaine<\/h3>\n\n\n\n<p><\/p>\n\n\n\n<p><mark style=\"background-color:rgba(0, 0, 0, 0)\" class=\"has-inline-color has-black-color\">Ne pas rendre visible la journ\u00e9e nationale du 23 mai dans les territoires ultramarins revient, pour leurs habitants, \u00e0 constater que la m\u00e9moire de leurs anc\u00eatres ne b\u00e9n\u00e9ficie pas de la m\u00eame solennit\u00e9 publique que d\u2019autres pages de l\u2019histoire nationale. Cette perception nourrit un sentiment d\u2019incompr\u00e9hension et d\u2019injustice qui fragilise le lien de confiance avec l\u2019\u00c9tat.<\/mark><\/p>\n\n\n\n<p><mark style=\"background-color:rgba(0, 0, 0, 0)\" class=\"has-inline-color has-black-color\">La dignit\u00e9 r\u00e9publicaine impose que la m\u00e9moire des victimes de l\u2019esclavage colonial soit honor\u00e9e avec la m\u00eame rigueur protocolaire que toute autre comm\u00e9moration nationale.<\/mark><\/p>\n\n\n\n<p><\/p>\n\n\n\n<h3 class=\"wp-block-heading\">Pour une harmonisation imm\u00e9diate par voie r\u00e9glementaire<\/h3>\n\n\n\n<p><\/p>\n\n\n\n<p><mark style=\"background-color:rgba(0, 0, 0, 0)\" class=\"has-inline-color has-black-color\">La solution ne n\u00e9cessite aucune modification l\u00e9gislative. Elle rel\u00e8ve exclusivement de la comp\u00e9tence r\u00e9glementaire du Gouvernement : circulaires, instructions aux pr\u00e9fets, coordination interminist\u00e9rielle, cr\u00e9dits d\u00e9di\u00e9s.<\/mark><\/p>\n\n\n\n<p><mark style=\"background-color:rgba(0, 0, 0, 0)\" class=\"has-inline-color has-black-color\">Autrement dit, <strong>tout peut \u00eatre mis en \u0153uvre rapidement<\/strong>, si la volont\u00e9 administrative est clairement affirm\u00e9e au plus haut niveau de l\u2019\u00c9tat.<\/mark><\/p>\n\n\n\n<p><\/p>\n\n\n\n<h3 class=\"wp-block-heading\">Une exigence d\u2019\u00e9galit\u00e9, de coh\u00e9rence et de respect de la loi<\/h3>\n\n\n\n<p><\/p>\n\n\n\n<p><mark style=\"background-color:rgba(0, 0, 0, 0)\" class=\"has-inline-color has-black-color\">Ce qui est demand\u00e9 n\u2019est ni symbolique, ni militant. Il s\u2019agit simplement de l\u2019application normale d\u2019une loi de la R\u00e9publique sur l\u2019ensemble de son territoire.<\/mark><\/p>\n\n\n\n<p><mark style=\"background-color:rgba(0, 0, 0, 0)\" class=\"has-inline-color has-black-color\">Faire du 23 mai une r\u00e9alit\u00e9 visible dans les outre-mer, c\u2019est :<\/mark><\/p>\n\n\n\n<ul class=\"wp-block-list\">\n<li><mark style=\"background-color:rgba(0, 0, 0, 0)\" class=\"has-inline-color has-black-color\">r\u00e9tablir l\u2019\u00e9galit\u00e9 devant la loi ;<\/mark><\/li>\n\n\n\n<li><mark style=\"background-color:rgba(0, 0, 0, 0)\" class=\"has-inline-color has-black-color\">restaurer la coh\u00e9rence de l\u2019action publique ;<\/mark><\/li>\n\n\n\n<li><mark style=\"background-color:rgba(0, 0, 0, 0)\" class=\"has-inline-color has-black-color\">honorer la m\u00e9moire avec la dignit\u00e9 qu\u2019impose la reconnaissance d\u2019un crime contre l\u2019humanit\u00e9 ;<\/mark><\/li>\n\n\n\n<li><mark style=\"background-color:rgba(0, 0, 0, 0)\" class=\"has-inline-color has-black-color\">renforcer le lien r\u00e9publicain entre l\u2019\u00c9tat et les territoires ultramarins.<\/mark><\/li>\n<\/ul>\n\n\n\n<p><mark style=\"background-color:rgba(0, 0, 0, 0)\" class=\"has-inline-color has-black-color\">Parce qu\u2019une journ\u00e9e nationale ne peut exister \u00e0 moiti\u00e9. Parce que la m\u00e9moire nationale ne peut \u00eatre partielle. Parce que l\u2019\u00e9galit\u00e9 r\u00e9publicaine exige une application pleine et enti\u00e8re de la loi, partout o\u00f9 la R\u00e9publique est pr\u00e9sente.<\/mark><\/p>\n\n\n\n<p><\/p>\n\n\n<div class=\"wp-block-image\">\n<figure class=\"aligncenter size-full\"><img loading=\"lazy\" decoding=\"async\" width=\"1000\" height=\"458\" src=\"http:\/\/omdmedald.eu\/wp-content\/uploads\/2025\/05\/Image-journee-nation-des-victimes-de-lesclavage-23-mai-2025-20_17_03-2.png\" alt=\"\" class=\"wp-image-662\" srcset=\"https:\/\/omdmedald.eu\/wp-content\/uploads\/2025\/05\/Image-journee-nation-des-victimes-de-lesclavage-23-mai-2025-20_17_03-2.png 1000w, https:\/\/omdmedald.eu\/wp-content\/uploads\/2025\/05\/Image-journee-nation-des-victimes-de-lesclavage-23-mai-2025-20_17_03-2-300x137.png 300w, https:\/\/omdmedald.eu\/wp-content\/uploads\/2025\/05\/Image-journee-nation-des-victimes-de-lesclavage-23-mai-2025-20_17_03-2-768x352.png 768w, https:\/\/omdmedald.eu\/wp-content\/uploads\/2025\/05\/Image-journee-nation-des-victimes-de-lesclavage-23-mai-2025-20_17_03-2-131x60.png 131w, https:\/\/omdmedald.eu\/wp-content\/uploads\/2025\/05\/Image-journee-nation-des-victimes-de-lesclavage-23-mai-2025-20_17_03-2-600x275.png 600w\" sizes=\"auto, (max-width: 1000px) 100vw, 1000px\" \/><\/figure>\n<\/div>\n\n\n<p><\/p>\n\n\n\n<p><strong>23 MAI : L\u2019OMDMEDALD SAISIT LES PLUS HAUTES AUTORIT\u00c9S DE L\u2019\u00c9TAT POUR CARENCE D\u2019APPLICATION DE LA LOI DANS LES OUTRE-MER<\/strong><br><\/p>\n\n\n\n<p class=\"has-text-align-center\"><strong>OMDMEDALD &#8211; MISE EN DEMEURE \u2013 PREMIER MINISTRE CHEF DU GOUVERNEMENT 30 -04 -2026<\/strong><\/p>\n\n\n\n<div data-wp-interactive=\"core\/file\" class=\"wp-block-file\"><object data-wp-bind--hidden=\"!state.hasPdfPreview\" hidden class=\"wp-block-file__embed\" data=\"https:\/\/omdmedald.eu\/wp-content\/uploads\/2026\/04\/OMDMEDALD-MISE-EN-DEMEURE-\u2013-Premier-ministre-Chef-du-Gouvernement-30-04-2026.pdf\" type=\"application\/pdf\" style=\"width:100%;height:600px\" aria-label=\"Contenu embarqu\u00e9 OMDMEDALD -  MISE EN DEMEURE \u2013 Premier ministre Chef du Gouvernement   30 -04 -2026.\"><\/object><a id=\"wp-block-file--media-281d2cc3-848a-4f73-8f28-2f66b69c2234\" href=\"https:\/\/omdmedald.eu\/wp-content\/uploads\/2026\/04\/OMDMEDALD-MISE-EN-DEMEURE-\u2013-Premier-ministre-Chef-du-Gouvernement-30-04-2026.pdf\">OMDMEDALD &#8211;  MISE EN DEMEURE \u2013 Premier ministre Chef du Gouvernement   30 -04 -2026<\/a><a href=\"https:\/\/omdmedald.eu\/wp-content\/uploads\/2026\/04\/OMDMEDALD-MISE-EN-DEMEURE-\u2013-Premier-ministre-Chef-du-Gouvernement-30-04-2026.pdf\" class=\"wp-block-file__button wp-element-button\" download aria-describedby=\"wp-block-file--media-281d2cc3-848a-4f73-8f28-2f66b69c2234\">T\u00e9l\u00e9charger<\/a><\/div>\n\n\n\n<p><\/p>\n\n\n\n<p class=\"has-text-align-center\"><strong>OMDMEDALD &#8211; MISE EN DEMEURE \u2013 R\u00c9PUBLIQUE FRAN\u00c7AISE 30 -04 -2026<\/strong><\/p>\n\n\n\n<div data-wp-interactive=\"core\/file\" class=\"wp-block-file\"><object data-wp-bind--hidden=\"!state.hasPdfPreview\" hidden class=\"wp-block-file__embed\" data=\"https:\/\/omdmedald.eu\/wp-content\/uploads\/2026\/05\/OMDMEDALD-MISE-EN-DEMEURE-\u2013-REPUBLIQUE-FRANCAISE-30-04-2026.pdf\" type=\"application\/pdf\" style=\"width:100%;height:600px\" aria-label=\"Contenu embarqu\u00e9 OMDMEDALD - MISE EN DEMEURE \u2013 R\u00c9PUBLIQUE FRAN\u00c7AISE  30 -04 -2026.\"><\/object><a id=\"wp-block-file--media-5e6412a1-2860-4b83-a89b-2916270c1a74\" href=\"https:\/\/omdmedald.eu\/wp-content\/uploads\/2026\/05\/OMDMEDALD-MISE-EN-DEMEURE-\u2013-REPUBLIQUE-FRANCAISE-30-04-2026.pdf\">OMDMEDALD &#8211; MISE EN DEMEURE \u2013 R\u00c9PUBLIQUE FRAN\u00c7AISE  30 -04 -2026<\/a><a href=\"https:\/\/omdmedald.eu\/wp-content\/uploads\/2026\/05\/OMDMEDALD-MISE-EN-DEMEURE-\u2013-REPUBLIQUE-FRANCAISE-30-04-2026.pdf\" class=\"wp-block-file__button wp-element-button\" download aria-describedby=\"wp-block-file--media-5e6412a1-2860-4b83-a89b-2916270c1a74\">T\u00e9l\u00e9charger<\/a><\/div>\n\n\n\n<p><\/p>\n\n\n\n<h3 class=\"wp-block-heading\">Conclusion g\u00e9n\u00e9rale<\/h3>\n\n\n\n<p><mark style=\"background-color:rgba(0, 0, 0, 0)\" class=\"has-inline-color has-black-color\">Au terme de cette d\u00e9monstration, il appara\u00eet avec clart\u00e9 que la question du 23 mai ne rel\u00e8ve ni d\u2019un d\u00e9bat symbolique, ni d\u2019une revendication accessoire, mais bien d\u2019un <strong>enjeu fondamental de l\u00e9galit\u00e9 r\u00e9publicaine<\/strong>. Lorsqu\u2019une loi de la R\u00e9publique institue une journ\u00e9e nationale, l\u2019\u00c9tat a l\u2019obligation positive d\u2019en assurer l\u2019existence concr\u00e8te sur l\u2019ensemble du territoire, sans distinction g\u00e9ographique.<\/mark><\/p>\n\n\n\n<p><\/p>\n\n\n\n<p><mark style=\"background-color:rgba(0, 0, 0, 0)\" class=\"has-inline-color has-black-color\">L\u2019absence de mise en \u0153uvre effective dans plusieurs territoires ultramarins ne constitue pas une simple n\u00e9gligence protocolaire : elle r\u00e9v\u00e8le une <strong>carence administrative caract\u00e9ris\u00e9e<\/strong>, produisant une in\u00e9galit\u00e9 de traitement entre citoyens pourtant soumis \u00e0 la m\u00eame loi. Cette situation affaiblit la port\u00e9e normative du texte vot\u00e9 par le Parlement et alt\u00e8re la cr\u00e9dibilit\u00e9 de la parole publique.<\/mark><\/p>\n\n\n\n<p><\/p>\n\n\n\n<p><mark style=\"background-color:rgba(0, 0, 0, 0)\" class=\"has-inline-color has-black-color\">Le 23 mai porte une signification particuli\u00e8re. Il ne s\u2019agit pas uniquement de comm\u00e9morer l\u2019abolition de l\u2019esclavage, mais d\u2019honorer la m\u00e9moire des femmes, des hommes et des enfants qui en furent victimes. En ce sens, cette journ\u00e9e engage la dignit\u00e9 m\u00eame de la R\u00e9publique, qui a reconnu l\u2019esclavage colonial comme un crime contre l\u2019humanit\u00e9 et qui s\u2019est engag\u00e9e \u00e0 en pr\u00e9server la m\u00e9moire.<\/mark><\/p>\n\n\n\n<p><\/p>\n\n\n\n<p><mark style=\"background-color:rgba(0, 0, 0, 0)\" class=\"has-inline-color has-black-color\">Ne pas donner \u00e0 cette journ\u00e9e la visibilit\u00e9 qu\u2019elle exige dans les territoires les plus directement marqu\u00e9s par cette histoire revient \u00e0 cr\u00e9er une dissonance m\u00e9morielle profond\u00e9ment incomprise par les populations concern\u00e9es. Cette dissonance nourrit un sentiment d\u2019abandon institutionnel l\u00e0 o\u00f9 l\u2019\u00c9tat devrait au contraire affirmer sa pr\u00e9sence avec solennit\u00e9.<\/mark><\/p>\n\n\n\n<p><mark style=\"background-color:rgba(0, 0, 0, 0)\" class=\"has-inline-color has-black-color\">Pourtant, la solution est simple. Elle ne n\u00e9cessite ni r\u00e9forme l\u00e9gislative, ni dispositif complexe. Elle repose uniquement sur l\u2019exercice normal du pouvoir r\u00e9glementaire, sur des instructions claires, sur une coordination administrative coh\u00e9rente et sur la volont\u00e9 d\u2019appliquer pleinement la loi telle qu\u2019elle a \u00e9t\u00e9 vot\u00e9e.<\/mark><\/p>\n\n\n\n<p><\/p>\n\n\n\n<p><mark style=\"background-color:rgba(0, 0, 0, 0)\" class=\"has-inline-color has-black-color\">Faire vivre r\u00e9ellement le 23 mai dans tous les territoires ultramarins, c\u2019est :<\/mark><\/p>\n\n\n\n<ul class=\"wp-block-list\">\n<li><mark style=\"background-color:rgba(0, 0, 0, 0)\" class=\"has-inline-color has-black-color\">r\u00e9tablir l\u2019\u00e9galit\u00e9 devant la loi ;<\/mark><\/li>\n\n\n\n<li><mark style=\"background-color:rgba(0, 0, 0, 0)\" class=\"has-inline-color has-black-color\">assurer l\u2019unit\u00e9 m\u00e9morielle de la Nation ;<\/mark><\/li>\n\n\n\n<li><mark style=\"background-color:rgba(0, 0, 0, 0)\" class=\"has-inline-color has-black-color\">honorer la dignit\u00e9 des victimes ;<\/mark><\/li>\n\n\n\n<li><mark style=\"background-color:rgba(0, 0, 0, 0)\" class=\"has-inline-color has-black-color\">renforcer la confiance entre l\u2019\u00c9tat et ses citoyens ;<\/mark><\/li>\n\n\n\n<li><mark style=\"background-color:rgba(0, 0, 0, 0)\" class=\"has-inline-color has-black-color\">affirmer que la R\u00e9publique n\u2019oublie aucune part de son histoire, ni aucun de ses territoires.<\/mark><\/li>\n<\/ul>\n\n\n\n<p><mark style=\"background-color:rgba(0, 0, 0, 0)\" class=\"has-inline-color has-black-color\">Une journ\u00e9e nationale ne peut \u00eatre th\u00e9orique. Elle doit \u00eatre visible, v\u00e9cue, partag\u00e9e. Partout o\u00f9 la R\u00e9publique est pr\u00e9sente, la m\u00e9moire qu\u2019elle reconna\u00eet doit \u00eatre honor\u00e9e avec la m\u00eame rigueur, la m\u00eame solennit\u00e9 et le m\u00eame respect.<\/mark><\/p>\n\n\n\n<p><\/p>\n\n\n\n<p><\/p>\n\n\n<div class=\"wp-block-post-author\"><div class=\"wp-block-post-author__avatar\"><img alt='' src='https:\/\/secure.gravatar.com\/avatar\/f184628fe1b00607f6fc0e881a5b4a5e9d1a8f90558ae35fce399dd3d6e9e72a?s=48&#038;d=mm&#038;r=g' srcset='https:\/\/secure.gravatar.com\/avatar\/f184628fe1b00607f6fc0e881a5b4a5e9d1a8f90558ae35fce399dd3d6e9e72a?s=96&#038;d=mm&#038;r=g 2x' class='avatar avatar-48 photo' height='48' width='48' \/><\/div><div class=\"wp-block-post-author__content\"><p class=\"wp-block-post-author__name\">Omdmedald<\/p><\/div><\/div>\n\n\n<p><\/p>\n\n\n\n<hr class=\"wp-block-separator has-alpha-channel-opacity\"\/>\n\n\n<div class=\"wp-block-image\">\n<figure class=\"aligncenter size-full is-resized\"><img loading=\"lazy\" decoding=\"async\" width=\"960\" height=\"320\" src=\"http:\/\/omdmedald.eu\/wp-content\/uploads\/2023\/12\/YZv2wrAM8NU-02.jpg\" alt=\"\" class=\"wp-image-160\" style=\"width:1000px;height:auto\" srcset=\"https:\/\/omdmedald.eu\/wp-content\/uploads\/2023\/12\/YZv2wrAM8NU-02.jpg 960w, https:\/\/omdmedald.eu\/wp-content\/uploads\/2023\/12\/YZv2wrAM8NU-02-600x200.jpg 600w, https:\/\/omdmedald.eu\/wp-content\/uploads\/2023\/12\/YZv2wrAM8NU-02-300x100.jpg 300w, https:\/\/omdmedald.eu\/wp-content\/uploads\/2023\/12\/YZv2wrAM8NU-02-768x256.jpg 768w\" sizes=\"auto, (max-width: 960px) 100vw, 960px\" \/><\/figure>\n<\/div>\n\n<div class=\"wp-block-ub-social-share\" id=\"ub-social-share-8f49eb56-da59-43bb-8794-3a76e5f39823\">\n\t\t\t<div class=\"social-share-icons align-icons-center orientation-icons-row\"><a aria-label=\"facebook-logo\" target=\"_blank\" rel=\"nofollow\" href=\"https:\/\/www.facebook.com\/sharer\/sharer.php?u=https%3A%2F%2Fomdmedald.eu%2F%3Fp%3D832&amp;title=23%20MAI%20%3A%20L%E2%80%99OMDMEDALD%20SAISIT%20LES%20PLUS%20HAUTES%20AUTORIT%C3%89S%20DE%20L%E2%80%99%C3%89TAT%20POUR%20CARENCE%20D%E2%80%99APPLICATION%20DE%20LA%20LOI%20DANS%20LES%20OUTRE-MER\" class=\"ub-social-share-facebook-container\" style=\"border-color: #1877f2; background-color: transparent; box-shadow: none; \">\n\t\t\t\t<span class=\"social-share-icon ub-social-share-facebook\" style=\"width: 30px; height: 30px; \"><svg xmlns=\"http:\/\/www.w3.org\/2000\/svg\" style=\"fill:#1877f2\" fill=\"#1877f2\" width=\"20\" height=\"20\" viewbox=\"0 0 264 512\"><path d=\"M76.7 512V283H0v-91h76.7v-71.7C76.7 42.4 124.3 0 193.8 0c33.3 0 61.9 2.5 70.2 3.6V85h-48.2c-37.8 0-45.1 18-45.1 44.3V192H256l-11.7 91h-73.6v229\"><\/path><\/svg><\/span><span style=\"\">share<\/span>\n\t\t\t<\/a><a aria-label=\"twitter-logo\" target=\"_blank\" rel=\"nofollow\" href=\"http:\/\/twitter.com\/intent\/tweet?url=https%3A%2F%2Fomdmedald.eu%2F%3Fp%3D832&amp;text=23%20MAI%20%3A%20L%E2%80%99OMDMEDALD%20SAISIT%20LES%20PLUS%20HAUTES%20AUTORIT%C3%89S%20DE%20L%E2%80%99%C3%89TAT%20POUR%20CARENCE%20D%E2%80%99APPLICATION%20DE%20LA%20LOI%20DANS%20LES%20OUTRE-MER\" class=\"ub-social-share-twitter-container\" style=\"border-color: #1d9bf0; background-color: transparent; box-shadow: none; \">\n\t\t\t\t<span class=\"social-share-icon ub-social-share-twitter\" style=\"width: 30px; height: 30px; \"><svg xmlns=\"http:\/\/www.w3.org\/2000\/svg\" style=\"color:#1d9BF0\" fill=\"#1d9BF0\" width=\"20\" height=\"20\" viewbox=\"0 0 24 24\"><path d=\"M18.901 1.153h3.68l-8.04 9.19L24 22.846h-7.406l-5.8-7.584l-6.638 7.584H.474l8.6-9.83L0 1.154h7.594l5.243 6.932ZM17.61 20.644h2.039L6.486 3.24H4.298Z\"><\/path><\/svg><\/span><span style=\"\">tweet<\/span>\n\t\t\t<\/a><a aria-label=\"linkedin-logo\" target=\"_blank\" rel=\"nofollow\" href=\"https:\/\/www.linkedin.com\/sharing\/share-offsite\/?url=https%3A%2F%2Fomdmedald.eu%2F%3Fp%3D832\" class=\"ub-social-share-linkedin-container\" style=\"border-color: #2867b2; background-color: transparent; box-shadow: none; \">\n\t\t\t\t<span class=\"social-share-icon ub-social-share-linkedin\" style=\"width: 30px; height: 30px; \"><svg xmlns=\"http:\/\/www.w3.org\/2000\/svg\" style=\"fill:#2867b2\" fill=\"#2867b2\" width=\"20\" height=\"20\" viewbox=\"0 0 448 512\"><path d=\"M100.3 480H7.4V180.9h92.9V480zM53.8 140.1C24.1 140.1 0 115.5 0 85.8 0 56.1 24.1 32 53.8 32c29.7 0 53.8 24.1 53.8 53.8 0 29.7-24.1 54.3-53.8 54.3zM448 480h-92.7V334.4c0-34.7-.7-79.2-48.3-79.2-48.3 0-55.7 37.7-55.7 76.7V480h-92.8V180.9h89.1v40.8h1.3c12.4-23.5 42.7-48.3 87.9-48.3 94 0 111.3 61.9 111.3 142.3V480z\"><\/path><\/svg><\/span><span style=\"\">share<\/span>\n\t\t\t<\/a><a aria-label=\"pinterest-logo\" target=\"_blank\" rel=\"nofollow\" href=\"https:\/\/pinterest.com\/pin\/create\/button\/?&amp;url=https%3A%2F%2Fomdmedald.eu%2F%3Fp%3D832&amp;description=23%20MAI%20%3A%20L%E2%80%99OMDMEDALD%20SAISIT%20LES%20PLUS%20HAUTES%20AUTORIT%C3%89S%20DE%20L%E2%80%99%C3%89TAT%20POUR%20CARENCE%20D%E2%80%99APPLICATION%20DE%20LA%20LOI%20DANS%20LES%20OUTRE-MER&amp;media=https:\/\/omdmedald.eu\/wp-content\/uploads\/2026\/05\/Journee-nationale-en-hommage-aux-victimes2.png\" class=\"ub-social-share-pinterest-container\" style=\"border-color: #e60023; background-color: transparent; box-shadow: none; \">\n\t\t\t\t<span class=\"social-share-icon ub-social-share-pinterest\" style=\"width: 30px; height: 30px; \"><svg xmlns=\"http:\/\/www.w3.org\/2000\/svg\" style=\"fill:#e60023\" fill=\"#e60023\" width=\"20\" height=\"20\" viewbox=\"0 0 384 512\"><path d=\"M204 6.5C101.4 6.5 0 74.9 0 185.6 0 256 39.6 296 63.6 296c9.9 0 15.6-27.6 15.6-35.4 0-9.3-23.7-29.1-23.7-67.8 0-80.4 61.2-137.4 140.4-137.4 68.1 0 118.5 38.7 118.5 109.8 0 53.1-21.3 152.7-90.3 152.7-24.9 0-46.2-18-46.2-43.8 0-37.8 26.4-74.4 26.4-113.4 0-66.2-93.9-54.2-93.9 25.8 0 16.8 2.1 35.4 9.6 50.7-13.8 59.4-42 147.9-42 209.1 0 18.9 2.7 37.5 4.5 56.4 3.4 3.8 1.7 3.4 6.9 1.5 50.4-69 48.6-82.5 71.4-172.8 12.3 23.4 44.1 36 69.3 36 106.2 0 153.9-103.5 153.9-196.8C384 71.3 298.2 6.5 204 6.5z\"><\/path><\/svg><\/span><span style=\"\">pin<\/span>\n\t\t\t<\/a><a aria-label=\"reddit-logo\" target=\"_blank\" rel=\"nofollow\" href=\"http:\/\/www.reddit.com\/submit?url=https%3A%2F%2Fomdmedald.eu%2F%3Fp%3D832&amp;title=23%20MAI%20%3A%20L%E2%80%99OMDMEDALD%20SAISIT%20LES%20PLUS%20HAUTES%20AUTORIT%C3%89S%20DE%20L%E2%80%99%C3%89TAT%20POUR%20CARENCE%20D%E2%80%99APPLICATION%20DE%20LA%20LOI%20DANS%20LES%20OUTRE-MER\" class=\"ub-social-share-reddit-container\" style=\"border-color: #ff4500; background-color: transparent; box-shadow: none; \">\n\t\t\t\t<span class=\"social-share-icon ub-social-share-reddit\" style=\"width: 30px; height: 30px; \"><svg xmlns=\"http:\/\/www.w3.org\/2000\/svg\" style=\"fill:#ff4500\" fill=\"#ff4500\" width=\"20\" height=\"20\" viewbox=\"0 0 512 512\"><path d=\"M440.3 203.5c-15 0-28.2 6.2-37.9 15.9-35.7-24.7-83.8-40.6-137.1-42.3L293 52.3l88.2 19.8c0 21.6 17.6 39.2 39.2 39.2 22 0 39.7-18.1 39.7-39.7s-17.6-39.7-39.7-39.7c-15.4 0-28.7 9.3-35.3 22l-97.4-21.6c-4.9-1.3-9.7 2.2-11 7.1L246.3 177c-52.9 2.2-100.5 18.1-136.3 42.8-9.7-10.1-23.4-16.3-38.4-16.3-55.6 0-73.8 74.6-22.9 100.1-1.8 7.9-2.6 16.3-2.6 24.7 0 83.8 94.4 151.7 210.3 151.7 116.4 0 210.8-67.9 210.8-151.7 0-8.4-.9-17.2-3.1-25.1 49.9-25.6 31.5-99.7-23.8-99.7zM129.4 308.9c0-22 17.6-39.7 39.7-39.7 21.6 0 39.2 17.6 39.2 39.7 0 21.6-17.6 39.2-39.2 39.2-22 .1-39.7-17.6-39.7-39.2zm214.3 93.5c-36.4 36.4-139.1 36.4-175.5 0-4-3.5-4-9.7 0-13.7 3.5-3.5 9.7-3.5 13.2 0 27.8 28.5 120 29 149 0 3.5-3.5 9.7-3.5 13.2 0 4.1 4 4.1 10.2.1 13.7zm-.8-54.2c-21.6 0-39.2-17.6-39.2-39.2 0-22 17.6-39.7 39.2-39.7 22 0 39.7 17.6 39.7 39.7-.1 21.5-17.7 39.2-39.7 39.2z\"><\/path><\/svg><\/span><span style=\"\">post<\/span>\n\t\t\t<\/a><a aria-label=\"tumblr-logo\" target=\"_blank\" rel=\"nofollow\" href=\"https:\/\/www.tumblr.com\/widgets\/share\/tool?canonicalUrl=https%3A%2F%2Fomdmedald.eu%2F%3Fp%3D832&amp;title=23%20MAI%20%3A%20L%E2%80%99OMDMEDALD%20SAISIT%20LES%20PLUS%20HAUTES%20AUTORIT%C3%89S%20DE%20L%E2%80%99%C3%89TAT%20POUR%20CARENCE%20D%E2%80%99APPLICATION%20DE%20LA%20LOI%20DANS%20LES%20OUTRE-MER\" class=\"ub-social-share-tumblr-container\" style=\"border-color: #001935; background-color: transparent; box-shadow: none; \">\n\t\t\t\t<span class=\"social-share-icon ub-social-share-tumblr\" style=\"width: 30px; height: 30px; \"><svg xmlns=\"http:\/\/www.w3.org\/2000\/svg\" style=\"fill:#001935\" fill=\"#001935\" width=\"20\" height=\"20\" viewbox=\"0 0 320 512\"><path d=\"M309.8 480.3c-13.6 14.5-50 31.7-97.4 31.7-120.8 0-147-88.8-147-140.6v-144H17.9c-5.5 0-10-4.5-10-10v-68c0-7.2 4.5-13.6 11.3-16 62-21.8 81.5-76 84.3-117.1.8-11 6.5-16.3 16.1-16.3h70.9c5.5 0 10 4.5 10 10v115.2h83c5.5 0 10 4.4 10 9.9v81.7c0 5.5-4.5 10-10 10h-83.4V360c0 34.2 23.7 53.6 68 35.8 4.8-1.9 9-3.2 12.7-2.2 3.5.9 5.8 3.4 7.4 7.9l22 64.3c1.8 5 3.3 10.6-.4 14.5z\"><\/path><\/svg><\/span><span style=\"\">share<\/span>\n\t\t\t<\/a><\/div>\n\t\t<\/div>\n\n\n<p><\/p>\n\n\n\n<p><\/p>\n<div class=\"gsp_post_data\" \r\n\t            data-post_type=\"post\" \r\n\t            data-cat=\"actions,actualites,commemoration,france,missions,reconnaissance\" \r\n\t            data-modified=\"-120\"\r\n\t            data-created=\"1777733799\"\r\n\t            data-title=\"23 MAI : L\u2019OMDMEDALD SAISIT LES PLUS HAUTES AUTORIT\u00c9S DE L\u2019\u00c9TAT POUR CARENCE D\u2019APPLICATION DE LA LOI DANS LES OUTRE-MER\" \r\n\t            data-home=\"https:\/\/omdmedald.eu\"><\/div>","protected":false},"excerpt":{"rendered":"<p>Pr\u00e9sentation officielle de la d\u00e9marche de l\u2019OMDMEDALD Pour l\u2019application effective du 23 mai dans l\u2019ensemble des territoires ultramarins L\u2019Organisation Mondiale de la D\u00e9fense des Droits et M\u00e9moires des Esclaves D\u00e9port\u00e9s d\u2019Afrique et Leurs Descendants (OMDMEDALD) m\u00e8ne depuis plusieurs ann\u00e9es un travail de veille juridique, m\u00e9morielle et institutionnelle afin que les textes vot\u00e9s par la R\u00e9publique &hellip; <\/p>\n","protected":false},"author":1,"featured_media":843,"comment_status":"open","ping_status":"open","sticky":false,"template":"","format":"standard","meta":{"_bbp_topic_count":0,"_bbp_reply_count":0,"_bbp_total_topic_count":0,"_bbp_total_reply_count":0,"_bbp_voice_count":0,"_bbp_anonymous_reply_count":0,"_bbp_topic_count_hidden":0,"_bbp_reply_count_hidden":0,"_bbp_forum_subforum_count":0,"_regular_price":[],"currency_symbol":[],"footnotes":""},"categories":[22,18,37,31,19,46],"tags":[],"class_list":["post-832","post","type-post","status-publish","format-standard","has-post-thumbnail","hentry","category-actions","category-actualites","category-commemoration","category-france","category-missions","category-reconnaissance","grid-sizer"],"post_slider_layout_featured_media_urls":{"thumbnail":["https:\/\/omdmedald.eu\/wp-content\/uploads\/2026\/05\/Journee-nationale-en-hommage-aux-victimes2-150x150.png",150,150,true],"post_slider_layout_landscape_large":["https:\/\/omdmedald.eu\/wp-content\/uploads\/2026\/05\/Journee-nationale-en-hommage-aux-victimes2.png",1000,458,false],"post_slider_layout_portrait_large":["https:\/\/omdmedald.eu\/wp-content\/uploads\/2026\/05\/Journee-nationale-en-hommage-aux-victimes2.png",1000,458,false],"post_slider_layout_square_large":["https:\/\/omdmedald.eu\/wp-content\/uploads\/2026\/05\/Journee-nationale-en-hommage-aux-victimes2.png",1000,458,false],"post_slider_layout_landscape":["https:\/\/omdmedald.eu\/wp-content\/uploads\/2026\/05\/Journee-nationale-en-hommage-aux-victimes2-600x400.png",600,400,true],"post_slider_layout_portrait":["https:\/\/omdmedald.eu\/wp-content\/uploads\/2026\/05\/Journee-nationale-en-hommage-aux-victimes2-600x458.png",600,458,true],"post_slider_layout_square":["https:\/\/omdmedald.eu\/wp-content\/uploads\/2026\/05\/Journee-nationale-en-hommage-aux-victimes2-600x458.png",600,458,true],"full":["https:\/\/omdmedald.eu\/wp-content\/uploads\/2026\/05\/Journee-nationale-en-hommage-aux-victimes2.png",1000,458,false]},"featured_image_src":"https:\/\/omdmedald.eu\/wp-content\/uploads\/2026\/05\/Journee-nationale-en-hommage-aux-victimes2.png","author_info":{"display_name":"Omdmedald","author_link":"https:\/\/omdmedald.eu\/?author=1"},"yoast_head":"<!-- This site is optimized with the Yoast SEO plugin v27.5 - https:\/\/yoast.com\/product\/yoast-seo-wordpress\/ -->\n<title>23 MAI : L\u2019OMDMEDALD SAISIT LES PLUS HAUTES AUTORIT\u00c9S DE L\u2019\u00c9TAT POUR CARENCE D\u2019APPLICATION DE LA LOI DANS LES OUTRE-MER<\/title>\n<meta name=\"description\" content=\"Or, l\u2019instauration du 23 mai comme Journ\u00e9e nationale en hommage aux victimes de l\u2019esclavage colonial, pr\u00e9vue par la loi du 28 f\u00e9vrier 2017, r\u00e9v\u00e8le une situation paradoxale et pr\u00e9occupante.\" \/>\n<meta name=\"robots\" content=\"index, follow, max-snippet:-1, max-image-preview:large, max-video-preview:-1\" \/>\n<link rel=\"canonical\" href=\"https:\/\/omdmedald.eu\/?p=832\" \/>\n<meta property=\"og:locale\" content=\"fr_FR\" \/>\n<meta property=\"og:type\" content=\"article\" \/>\n<meta property=\"og:title\" content=\"23 MAI : L\u2019OMDMEDALD SAISIT LES PLUS HAUTES AUTORIT\u00c9S DE L\u2019\u00c9TAT POUR CARENCE D\u2019APPLICATION DE LA LOI DANS LES OUTRE-MER\" \/>\n<meta property=\"og:description\" content=\"Or, l\u2019instauration du 23 mai comme Journ\u00e9e nationale en hommage aux victimes de l\u2019esclavage colonial, pr\u00e9vue par la loi du 28 f\u00e9vrier 2017, r\u00e9v\u00e8le une situation paradoxale et pr\u00e9occupante.\" \/>\n<meta property=\"og:url\" content=\"https:\/\/omdmedald.eu\/?p=832\" \/>\n<meta property=\"og:site_name\" content=\"Omdmedald\" \/>\n<meta property=\"article:publisher\" content=\"https:\/\/www.facebook.com\/omdmedald\" \/>\n<meta property=\"article:author\" content=\"https:\/\/www.facebook.com\/omdmedald\" \/>\n<meta property=\"article:published_time\" content=\"2026-05-02T12:56:39+00:00\" \/>\n<meta property=\"article:modified_time\" content=\"2026-05-03T12:07:47+00:00\" \/>\n<meta property=\"og:image\" content=\"http:\/\/omdmedald.eu\/wp-content\/uploads\/2026\/05\/Journee-nationale-en-hommage-aux-victimes2.png\" \/>\n\t<meta property=\"og:image:width\" content=\"1000\" \/>\n\t<meta property=\"og:image:height\" content=\"458\" \/>\n\t<meta property=\"og:image:type\" content=\"image\/png\" \/>\n<meta name=\"author\" content=\"Omdmedald\" \/>\n<meta name=\"twitter:card\" content=\"summary_large_image\" \/>\n<meta name=\"twitter:title\" content=\"23 MAI : L\u2019OMDMEDALD SAISIT LES PLUS HAUTES AUTORIT\u00c9S DE L\u2019\u00c9TAT POUR CARENCE D\u2019APPLICATION DE LA LOI DANS LES OUTRE-MER\" \/>\n<meta name=\"twitter:description\" content=\"Or, l\u2019instauration du 23 mai comme Journ\u00e9e nationale en hommage aux victimes de l\u2019esclavage colonial, pr\u00e9vue par la loi du 28 f\u00e9vrier 2017, r\u00e9v\u00e8le une situation paradoxale et pr\u00e9occupante.\" \/>\n<meta name=\"twitter:image\" content=\"https:\/\/omdmedald.eu\/wp-content\/uploads\/2026\/05\/Journee-nationale-en-hommage-aux-victimes2.png\" \/>\n<meta name=\"twitter:creator\" content=\"@omdmedald\" \/>\n<meta name=\"twitter:site\" content=\"@omdmedald\" \/>\n<meta name=\"twitter:label1\" content=\"\u00c9crit par\" \/>\n\t<meta name=\"twitter:data1\" content=\"Omdmedald\" \/>\n\t<meta name=\"twitter:label2\" content=\"Dur\u00e9e de lecture estim\u00e9e\" \/>\n\t<meta name=\"twitter:data2\" content=\"14 minutes\" \/>\n<script type=\"application\/ld+json\" class=\"yoast-schema-graph\">{\"@context\":\"https:\\\/\\\/schema.org\",\"@graph\":[{\"@type\":\"Article\",\"@id\":\"https:\\\/\\\/omdmedald.eu\\\/?p=832#article\",\"isPartOf\":{\"@id\":\"https:\\\/\\\/omdmedald.eu\\\/?p=832\"},\"author\":{\"name\":\"Omdmedald\",\"@id\":\"http:\\\/\\\/omdmedald.eu\\\/#\\\/schema\\\/person\\\/8f708f4f772366b7bdbc0879498d8ab7\"},\"headline\":\"23 MAI : L\u2019OMDMEDALD SAISIT LES PLUS HAUTES AUTORIT\u00c9S DE L\u2019\u00c9TAT POUR CARENCE D\u2019APPLICATION DE LA LOI DANS LES OUTRE-MER\",\"datePublished\":\"2026-05-02T12:56:39+00:00\",\"dateModified\":\"2026-05-03T12:07:47+00:00\",\"mainEntityOfPage\":{\"@id\":\"https:\\\/\\\/omdmedald.eu\\\/?p=832\"},\"wordCount\":3164,\"commentCount\":0,\"publisher\":{\"@id\":\"http:\\\/\\\/omdmedald.eu\\\/#organization\"},\"image\":{\"@id\":\"https:\\\/\\\/omdmedald.eu\\\/?p=832#primaryimage\"},\"thumbnailUrl\":\"https:\\\/\\\/omdmedald.eu\\\/wp-content\\\/uploads\\\/2026\\\/05\\\/Journee-nationale-en-hommage-aux-victimes2.png\",\"articleSection\":[\"Actions\",\"Actualit\u00e9s\",\"Comm\u00e9moration\",\"France\",\"Missions\",\"Reconnaissance\"],\"inLanguage\":\"fr-FR\",\"potentialAction\":[{\"@type\":\"CommentAction\",\"name\":\"Comment\",\"target\":[\"https:\\\/\\\/omdmedald.eu\\\/?p=832#respond\"]}]},{\"@type\":\"WebPage\",\"@id\":\"https:\\\/\\\/omdmedald.eu\\\/?p=832\",\"url\":\"https:\\\/\\\/omdmedald.eu\\\/?p=832\",\"name\":\"23 MAI : L\u2019OMDMEDALD SAISIT LES PLUS HAUTES AUTORIT\u00c9S DE L\u2019\u00c9TAT POUR CARENCE D\u2019APPLICATION DE LA LOI DANS LES OUTRE-MER\",\"isPartOf\":{\"@id\":\"http:\\\/\\\/omdmedald.eu\\\/#website\"},\"primaryImageOfPage\":{\"@id\":\"https:\\\/\\\/omdmedald.eu\\\/?p=832#primaryimage\"},\"image\":{\"@id\":\"https:\\\/\\\/omdmedald.eu\\\/?p=832#primaryimage\"},\"thumbnailUrl\":\"https:\\\/\\\/omdmedald.eu\\\/wp-content\\\/uploads\\\/2026\\\/05\\\/Journee-nationale-en-hommage-aux-victimes2.png\",\"datePublished\":\"2026-05-02T12:56:39+00:00\",\"dateModified\":\"2026-05-03T12:07:47+00:00\",\"description\":\"Or, l\u2019instauration du 23 mai comme Journ\u00e9e nationale en hommage aux victimes de l\u2019esclavage colonial, pr\u00e9vue par la loi du 28 f\u00e9vrier 2017, r\u00e9v\u00e8le une situation paradoxale et pr\u00e9occupante.\",\"breadcrumb\":{\"@id\":\"https:\\\/\\\/omdmedald.eu\\\/?p=832#breadcrumb\"},\"inLanguage\":\"fr-FR\",\"potentialAction\":[{\"@type\":\"ReadAction\",\"target\":[\"https:\\\/\\\/omdmedald.eu\\\/?p=832\"]}]},{\"@type\":\"ImageObject\",\"inLanguage\":\"fr-FR\",\"@id\":\"https:\\\/\\\/omdmedald.eu\\\/?p=832#primaryimage\",\"url\":\"https:\\\/\\\/omdmedald.eu\\\/wp-content\\\/uploads\\\/2026\\\/05\\\/Journee-nationale-en-hommage-aux-victimes2.png\",\"contentUrl\":\"https:\\\/\\\/omdmedald.eu\\\/wp-content\\\/uploads\\\/2026\\\/05\\\/Journee-nationale-en-hommage-aux-victimes2.png\",\"width\":1000,\"height\":458},{\"@type\":\"BreadcrumbList\",\"@id\":\"https:\\\/\\\/omdmedald.eu\\\/?p=832#breadcrumb\",\"itemListElement\":[{\"@type\":\"ListItem\",\"position\":1,\"name\":\"Accueil\",\"item\":\"https:\\\/\\\/omdmedald.eu\\\/\"},{\"@type\":\"ListItem\",\"position\":2,\"name\":\"23 MAI : L\u2019OMDMEDALD SAISIT LES PLUS HAUTES AUTORIT\u00c9S DE L\u2019\u00c9TAT POUR CARENCE D\u2019APPLICATION DE LA LOI DANS LES OUTRE-MER\"}]},{\"@type\":\"WebSite\",\"@id\":\"http:\\\/\\\/omdmedald.eu\\\/#website\",\"url\":\"http:\\\/\\\/omdmedald.eu\\\/\",\"name\":\"Omdmedald\",\"description\":\"La d\u00e9fense des droits Humains\",\"publisher\":{\"@id\":\"http:\\\/\\\/omdmedald.eu\\\/#organization\"},\"potentialAction\":[{\"@type\":\"SearchAction\",\"target\":{\"@type\":\"EntryPoint\",\"urlTemplate\":\"http:\\\/\\\/omdmedald.eu\\\/?s={search_term_string}\"},\"query-input\":{\"@type\":\"PropertyValueSpecification\",\"valueRequired\":true,\"valueName\":\"search_term_string\"}}],\"inLanguage\":\"fr-FR\"},{\"@type\":\"Organization\",\"@id\":\"http:\\\/\\\/omdmedald.eu\\\/#organization\",\"name\":\"Organisation Omdmedald\",\"url\":\"http:\\\/\\\/omdmedald.eu\\\/\",\"logo\":{\"@type\":\"ImageObject\",\"inLanguage\":\"fr-FR\",\"@id\":\"http:\\\/\\\/omdmedald.eu\\\/#\\\/schema\\\/logo\\\/image\\\/\",\"url\":\"https:\\\/\\\/omdmedald.eu\\\/wp-content\\\/uploads\\\/2023\\\/08\\\/cropped-OMD-TRANSPA002Blanc0290-003-001.png\",\"contentUrl\":\"https:\\\/\\\/omdmedald.eu\\\/wp-content\\\/uploads\\\/2023\\\/08\\\/cropped-OMD-TRANSPA002Blanc0290-003-001.png\",\"width\":290,\"height\":290,\"caption\":\"Organisation Omdmedald\"},\"image\":{\"@id\":\"http:\\\/\\\/omdmedald.eu\\\/#\\\/schema\\\/logo\\\/image\\\/\"},\"sameAs\":[\"https:\\\/\\\/www.facebook.com\\\/omdmedald\",\"https:\\\/\\\/x.com\\\/omdmedald\",\"https:\\\/\\\/vk.com\\\/omdmedald\"]},{\"@type\":\"Person\",\"@id\":\"http:\\\/\\\/omdmedald.eu\\\/#\\\/schema\\\/person\\\/8f708f4f772366b7bdbc0879498d8ab7\",\"name\":\"Omdmedald\",\"image\":{\"@type\":\"ImageObject\",\"inLanguage\":\"fr-FR\",\"@id\":\"https:\\\/\\\/secure.gravatar.com\\\/avatar\\\/f184628fe1b00607f6fc0e881a5b4a5e9d1a8f90558ae35fce399dd3d6e9e72a?s=96&d=mm&r=g\",\"url\":\"https:\\\/\\\/secure.gravatar.com\\\/avatar\\\/f184628fe1b00607f6fc0e881a5b4a5e9d1a8f90558ae35fce399dd3d6e9e72a?s=96&d=mm&r=g\",\"contentUrl\":\"https:\\\/\\\/secure.gravatar.com\\\/avatar\\\/f184628fe1b00607f6fc0e881a5b4a5e9d1a8f90558ae35fce399dd3d6e9e72a?s=96&d=mm&r=g\",\"caption\":\"Omdmedald\"},\"sameAs\":[\"http:\\\/\\\/omdmedald.eu\",\"https:\\\/\\\/www.facebook.com\\\/omdmedald\",\"https:\\\/\\\/x.com\\\/OngOmdmedald\"],\"url\":\"https:\\\/\\\/omdmedald.eu\\\/?author=1\"}]}<\/script>\n<!-- \/ Yoast SEO plugin. -->","yoast_head_json":{"title":"23 MAI : L\u2019OMDMEDALD SAISIT LES PLUS HAUTES AUTORIT\u00c9S DE L\u2019\u00c9TAT POUR CARENCE D\u2019APPLICATION DE LA LOI DANS LES OUTRE-MER","description":"Or, l\u2019instauration du 23 mai comme Journ\u00e9e nationale en hommage aux victimes de l\u2019esclavage colonial, pr\u00e9vue par la loi du 28 f\u00e9vrier 2017, r\u00e9v\u00e8le une situation paradoxale et pr\u00e9occupante.","robots":{"index":"index","follow":"follow","max-snippet":"max-snippet:-1","max-image-preview":"max-image-preview:large","max-video-preview":"max-video-preview:-1"},"canonical":"https:\/\/omdmedald.eu\/?p=832","og_locale":"fr_FR","og_type":"article","og_title":"23 MAI : L\u2019OMDMEDALD SAISIT LES PLUS HAUTES AUTORIT\u00c9S DE L\u2019\u00c9TAT POUR CARENCE D\u2019APPLICATION DE LA LOI DANS LES OUTRE-MER","og_description":"Or, l\u2019instauration du 23 mai comme Journ\u00e9e nationale en hommage aux victimes de l\u2019esclavage colonial, pr\u00e9vue par la loi du 28 f\u00e9vrier 2017, r\u00e9v\u00e8le une situation paradoxale et pr\u00e9occupante.","og_url":"https:\/\/omdmedald.eu\/?p=832","og_site_name":"Omdmedald","article_publisher":"https:\/\/www.facebook.com\/omdmedald","article_author":"https:\/\/www.facebook.com\/omdmedald","article_published_time":"2026-05-02T12:56:39+00:00","article_modified_time":"2026-05-03T12:07:47+00:00","og_image":[{"width":1000,"height":458,"url":"http:\/\/omdmedald.eu\/wp-content\/uploads\/2026\/05\/Journee-nationale-en-hommage-aux-victimes2.png","type":"image\/png"}],"author":"Omdmedald","twitter_card":"summary_large_image","twitter_title":"23 MAI : L\u2019OMDMEDALD SAISIT LES PLUS HAUTES AUTORIT\u00c9S DE L\u2019\u00c9TAT POUR CARENCE D\u2019APPLICATION DE LA LOI DANS LES OUTRE-MER","twitter_description":"Or, l\u2019instauration du 23 mai comme Journ\u00e9e nationale en hommage aux victimes de l\u2019esclavage colonial, pr\u00e9vue par la loi du 28 f\u00e9vrier 2017, r\u00e9v\u00e8le une situation paradoxale et pr\u00e9occupante.","twitter_image":"https:\/\/omdmedald.eu\/wp-content\/uploads\/2026\/05\/Journee-nationale-en-hommage-aux-victimes2.png","twitter_creator":"@omdmedald","twitter_site":"@omdmedald","twitter_misc":{"\u00c9crit par":"Omdmedald","Dur\u00e9e de lecture estim\u00e9e":"14 minutes"},"schema":{"@context":"https:\/\/schema.org","@graph":[{"@type":"Article","@id":"https:\/\/omdmedald.eu\/?p=832#article","isPartOf":{"@id":"https:\/\/omdmedald.eu\/?p=832"},"author":{"name":"Omdmedald","@id":"http:\/\/omdmedald.eu\/#\/schema\/person\/8f708f4f772366b7bdbc0879498d8ab7"},"headline":"23 MAI : L\u2019OMDMEDALD SAISIT LES PLUS HAUTES AUTORIT\u00c9S DE L\u2019\u00c9TAT POUR CARENCE D\u2019APPLICATION DE LA LOI DANS LES OUTRE-MER","datePublished":"2026-05-02T12:56:39+00:00","dateModified":"2026-05-03T12:07:47+00:00","mainEntityOfPage":{"@id":"https:\/\/omdmedald.eu\/?p=832"},"wordCount":3164,"commentCount":0,"publisher":{"@id":"http:\/\/omdmedald.eu\/#organization"},"image":{"@id":"https:\/\/omdmedald.eu\/?p=832#primaryimage"},"thumbnailUrl":"https:\/\/omdmedald.eu\/wp-content\/uploads\/2026\/05\/Journee-nationale-en-hommage-aux-victimes2.png","articleSection":["Actions","Actualit\u00e9s","Comm\u00e9moration","France","Missions","Reconnaissance"],"inLanguage":"fr-FR","potentialAction":[{"@type":"CommentAction","name":"Comment","target":["https:\/\/omdmedald.eu\/?p=832#respond"]}]},{"@type":"WebPage","@id":"https:\/\/omdmedald.eu\/?p=832","url":"https:\/\/omdmedald.eu\/?p=832","name":"23 MAI : L\u2019OMDMEDALD SAISIT LES PLUS HAUTES AUTORIT\u00c9S DE L\u2019\u00c9TAT POUR CARENCE D\u2019APPLICATION DE LA LOI DANS LES OUTRE-MER","isPartOf":{"@id":"http:\/\/omdmedald.eu\/#website"},"primaryImageOfPage":{"@id":"https:\/\/omdmedald.eu\/?p=832#primaryimage"},"image":{"@id":"https:\/\/omdmedald.eu\/?p=832#primaryimage"},"thumbnailUrl":"https:\/\/omdmedald.eu\/wp-content\/uploads\/2026\/05\/Journee-nationale-en-hommage-aux-victimes2.png","datePublished":"2026-05-02T12:56:39+00:00","dateModified":"2026-05-03T12:07:47+00:00","description":"Or, l\u2019instauration du 23 mai comme Journ\u00e9e nationale en hommage aux victimes de l\u2019esclavage colonial, pr\u00e9vue par la loi du 28 f\u00e9vrier 2017, r\u00e9v\u00e8le une situation paradoxale et pr\u00e9occupante.","breadcrumb":{"@id":"https:\/\/omdmedald.eu\/?p=832#breadcrumb"},"inLanguage":"fr-FR","potentialAction":[{"@type":"ReadAction","target":["https:\/\/omdmedald.eu\/?p=832"]}]},{"@type":"ImageObject","inLanguage":"fr-FR","@id":"https:\/\/omdmedald.eu\/?p=832#primaryimage","url":"https:\/\/omdmedald.eu\/wp-content\/uploads\/2026\/05\/Journee-nationale-en-hommage-aux-victimes2.png","contentUrl":"https:\/\/omdmedald.eu\/wp-content\/uploads\/2026\/05\/Journee-nationale-en-hommage-aux-victimes2.png","width":1000,"height":458},{"@type":"BreadcrumbList","@id":"https:\/\/omdmedald.eu\/?p=832#breadcrumb","itemListElement":[{"@type":"ListItem","position":1,"name":"Accueil","item":"https:\/\/omdmedald.eu\/"},{"@type":"ListItem","position":2,"name":"23 MAI : L\u2019OMDMEDALD SAISIT LES PLUS HAUTES AUTORIT\u00c9S DE L\u2019\u00c9TAT POUR CARENCE D\u2019APPLICATION DE LA LOI DANS LES OUTRE-MER"}]},{"@type":"WebSite","@id":"http:\/\/omdmedald.eu\/#website","url":"http:\/\/omdmedald.eu\/","name":"Omdmedald","description":"La d\u00e9fense des droits Humains","publisher":{"@id":"http:\/\/omdmedald.eu\/#organization"},"potentialAction":[{"@type":"SearchAction","target":{"@type":"EntryPoint","urlTemplate":"http:\/\/omdmedald.eu\/?s={search_term_string}"},"query-input":{"@type":"PropertyValueSpecification","valueRequired":true,"valueName":"search_term_string"}}],"inLanguage":"fr-FR"},{"@type":"Organization","@id":"http:\/\/omdmedald.eu\/#organization","name":"Organisation Omdmedald","url":"http:\/\/omdmedald.eu\/","logo":{"@type":"ImageObject","inLanguage":"fr-FR","@id":"http:\/\/omdmedald.eu\/#\/schema\/logo\/image\/","url":"https:\/\/omdmedald.eu\/wp-content\/uploads\/2023\/08\/cropped-OMD-TRANSPA002Blanc0290-003-001.png","contentUrl":"https:\/\/omdmedald.eu\/wp-content\/uploads\/2023\/08\/cropped-OMD-TRANSPA002Blanc0290-003-001.png","width":290,"height":290,"caption":"Organisation Omdmedald"},"image":{"@id":"http:\/\/omdmedald.eu\/#\/schema\/logo\/image\/"},"sameAs":["https:\/\/www.facebook.com\/omdmedald","https:\/\/x.com\/omdmedald","https:\/\/vk.com\/omdmedald"]},{"@type":"Person","@id":"http:\/\/omdmedald.eu\/#\/schema\/person\/8f708f4f772366b7bdbc0879498d8ab7","name":"Omdmedald","image":{"@type":"ImageObject","inLanguage":"fr-FR","@id":"https:\/\/secure.gravatar.com\/avatar\/f184628fe1b00607f6fc0e881a5b4a5e9d1a8f90558ae35fce399dd3d6e9e72a?s=96&d=mm&r=g","url":"https:\/\/secure.gravatar.com\/avatar\/f184628fe1b00607f6fc0e881a5b4a5e9d1a8f90558ae35fce399dd3d6e9e72a?s=96&d=mm&r=g","contentUrl":"https:\/\/secure.gravatar.com\/avatar\/f184628fe1b00607f6fc0e881a5b4a5e9d1a8f90558ae35fce399dd3d6e9e72a?s=96&d=mm&r=g","caption":"Omdmedald"},"sameAs":["http:\/\/omdmedald.eu","https:\/\/www.facebook.com\/omdmedald","https:\/\/x.com\/OngOmdmedald"],"url":"https:\/\/omdmedald.eu\/?author=1"}]}},"_links":{"self":[{"href":"https:\/\/omdmedald.eu\/index.php?rest_route=\/wp\/v2\/posts\/832","targetHints":{"allow":["GET"]}}],"collection":[{"href":"https:\/\/omdmedald.eu\/index.php?rest_route=\/wp\/v2\/posts"}],"about":[{"href":"https:\/\/omdmedald.eu\/index.php?rest_route=\/wp\/v2\/types\/post"}],"author":[{"embeddable":true,"href":"https:\/\/omdmedald.eu\/index.php?rest_route=\/wp\/v2\/users\/1"}],"replies":[{"embeddable":true,"href":"https:\/\/omdmedald.eu\/index.php?rest_route=%2Fwp%2Fv2%2Fcomments&post=832"}],"version-history":[{"count":6,"href":"https:\/\/omdmedald.eu\/index.php?rest_route=\/wp\/v2\/posts\/832\/revisions"}],"predecessor-version":[{"id":844,"href":"https:\/\/omdmedald.eu\/index.php?rest_route=\/wp\/v2\/posts\/832\/revisions\/844"}],"wp:featuredmedia":[{"embeddable":true,"href":"https:\/\/omdmedald.eu\/index.php?rest_route=\/wp\/v2\/media\/843"}],"wp:attachment":[{"href":"https:\/\/omdmedald.eu\/index.php?rest_route=%2Fwp%2Fv2%2Fmedia&parent=832"}],"wp:term":[{"taxonomy":"category","embeddable":true,"href":"https:\/\/omdmedald.eu\/index.php?rest_route=%2Fwp%2Fv2%2Fcategories&post=832"},{"taxonomy":"post_tag","embeddable":true,"href":"https:\/\/omdmedald.eu\/index.php?rest_route=%2Fwp%2Fv2%2Ftags&post=832"}],"curies":[{"name":"wp","href":"https:\/\/api.w.org\/{rel}","templated":true}]}}